{"id":101,"date":"2023-10-26T08:26:44","date_gmt":"2023-10-26T06:26:44","guid":{"rendered":"https:\/\/abf-avocats.fr\/?p=101"},"modified":"2023-10-26T09:07:24","modified_gmt":"2023-10-26T07:07:24","slug":"sur-les-ondes-on-entend-que-cela-cest-le-jour-j-ou-plutot-cest-le-jour-f-celui-de-la-journee-de-la-femme","status":"publish","type":"post","link":"https:\/\/abf-avocats.fr\/index.php\/2023\/10\/26\/sur-les-ondes-on-entend-que-cela-cest-le-jour-j-ou-plutot-cest-le-jour-f-celui-de-la-journee-de-la-femme\/","title":{"rendered":"Sur les ondes, on entend que cela: c&rsquo;est le jour J ou plut\u00f4t c&rsquo;est le jour F, celui de la journ\u00e9e de la femme!"},"content":{"rendered":"\n<p>Tours le 8 mars 2015,<\/p>\n\n\n\n<p>Sur les ondes, on entend que cela : c&rsquo;est le J ou plut\u00f4t c&rsquo;est le jour F, celui de la journ\u00e9e de la femme.<\/p>\n\n\n\n<p>Comme toutes celles qui n&rsquo;ont pas eu \u00e0 souffrir de discrimination de par leur \u00e9ducation, leurs \u00e9tudes leur exercice professionnel, leur entourage social et familial, je n&rsquo;ai pas pr\u00eat\u00e9 une attention particuli\u00e8re \u00e0 cette journ\u00e9e; Certes, on m&rsquo;a demand\u00e9 de faire des interventions sur mon parcours de femme dans le monde judiciaire mais cela ne m&rsquo;a pas paru extraordinaire . Un t\u00e9moignage parmi tant d&rsquo;autres sans plus.<\/p>\n\n\n\n<p>Mais depuis de nombreux mois, je me surprends \u00e0 penser que l&rsquo;actualit\u00e9 mondiale et les faits divers dans notre pays sont le signe d&rsquo;un recul et qu&rsquo;il faut \u00eatre vigilant pour que les difficult\u00e9s \u00e9conomiques, culturelles ou religieuses ne confinent pas les femmes \u00e0 un r\u00f4le subalterne voire au stade de celui de la simple reproduction ou de servante!!!<\/p>\n\n\n\n<p>Ce pr\u00e9ambule m&rsquo;est apparu indispensable pour ce qui suit .<\/p>\n\n\n\n<p>Le conseil national des barreaux a cr\u00e9\u00e9, lors de sa s\u00e9ance du mois de f\u00e9vrier 2015, une commission parit\u00e9.<\/p>\n\n\n\n<p>Elle a \u00e9t\u00e9 saisie imm\u00e9diatement de LA QUESTION qui taraude la profession&#8230;&#8230;.. L&rsquo;aide juridictionnelle? non! La formation? non<\/p>\n\n\n\n<p>La parit\u00e9 dans les instances professionnelles et &#8211; en urgence &#8211; dans les conseils de l&rsquo;Ordre puisque le minist\u00e8re de la Justice veut que le d\u00e9cret d&rsquo;application de la loi du 4 ao\u00fbt 2014 puisse \u00eatre propos\u00e9 pour le mois d&rsquo;avril et qu&rsquo;il s&rsquo;applique pour les prochaines \u00e9lections en fin d&rsquo;ann\u00e9e. Ce que ne dit pas le minist\u00e8re de la justice c&rsquo;est si d&rsquo;ici ,la fin de l&rsquo;ann\u00e9e, les audiences seront assur\u00e9es par des magistrats en nombre \u00e9gal d&rsquo;hommes et de femmes et si les coll\u00e9giales seront d\u00e9sormais compos\u00e9es de 4 magistrats!!! ou si les audiences \u00e0 juge unique se tiendront \u00e0 deux!! mais tr\u00e8ve de plaisanterie les magistrats ne sont pas \u00e9lus !!! pourtant une certaine parit\u00e9 pourrait se concevoir .<\/p>\n\n\n\n<p>Tout ceci aurait pu \u00eatre simple sauf que:<\/p>\n\n\n\n<p>&#8211; les chiffres donn\u00e9s par la Chancellerie ,confirm\u00e9s par la profession d\u00e9montrent que la profession d&rsquo;avocat n&rsquo;a pas attendu les textes pour traduire dans ses instances l&rsquo;\u00e9volution d\u00e9mographique qu&rsquo;elle conna\u00eet .La plupart des conseils de l&rsquo;ordre sont d\u00e9j\u00e0 compos\u00e9s pour moiti\u00e9 ou presque d&rsquo;avocates et pour un certain nombre les femmes sont largement majoritaires.<\/p>\n\n\n\n<p>-l&rsquo;organisation en nombre des conseils de l&rsquo;ordre doit \u00eatre modifi\u00e9e (article 4 du d\u00e9cret)<\/p>\n\n\n\n<p>-chacun s&rsquo;accorde \u00e0 dire que l&rsquo;\u00e9lection des membres du conseil de l&rsquo;Ordre est intuitu personae et fond\u00e9e sur les qualit\u00e9s personnelles<\/p>\n\n\n\n<p>-on ne saurait contraindre les confr\u00e8res \u00e0 se pr\u00e9senter pour \u00e9quilibrer les nombres s&rsquo;ils n&rsquo;en n&rsquo;ont pas envie.<\/p>\n\n\n\n<p>Quelles cons\u00e9quences en tirer pour quelle parit\u00e9?<\/p>\n\n\n\n<p>Il faut modifier l&rsquo;article 4 du d\u00e9cret puisque le nombre de membres doit \u00eatre divisible par 2 et par 3. C&rsquo;est peut \u00eatre l&rsquo;occasion de r\u00e9adapter le nombre de membres du conseil \u00e0 la taille du barreau; il est \u00e9vident que certains conseils sont pl\u00e9thoriques.<\/p>\n\n\n\n<p>Il faut s&rsquo;interroger sur la d\u00e9finition de la parit\u00e9.<\/p>\n\n\n\n<p>Le texte stipule qu&rsquo;on doit \u00ab\u00a0tendre\u00a0\u00bb \u00e0 la parit\u00e9. Faut-il:<\/p>\n\n\n\n<p>-Se contenter de consid\u00e9rer (peut \u00eatre pour tenir compte de la d\u00e9mographie) que la composition des conseils doit \u00eatre au moins de 40% d&rsquo;hommes et 40% de femmes et quelle proc\u00e9dure mettre en place pour parvenir \u00e0 ce r\u00e9sultat<\/p>\n\n\n\n<p>-Instituer d&#8217;embl\u00e9e la parit\u00e9 totale .C&rsquo;est ce que souhaite la Chancellerie. Dans cette perspective, doit-on maintenir le scrutin uninominal ou cr\u00e9er un scrutin binominal comme pour les d\u00e9partementales?<\/p>\n\n\n\n<p>C&rsquo;est \u00e0 l&rsquo;aulne des constats qu&rsquo;il convient de se d\u00e9terminer.<\/p>\n\n\n\n<p>En ce qui concerne l&rsquo;ABF, le scrutin uninominal doit \u00eatre maintenu; c&rsquo;est ce qui permettra \u00e0 chaque avocat de continuer \u00e0 avoir confiance dans son conseil.<\/p>\n\n\n\n<p>Pour parvenir au r\u00e9sultat souhait\u00e9, il faut donc r\u00e9server la moiti\u00e9 des si\u00e8ges \u00e0 chaque genre et le plus efficace c&rsquo;est encore que les candidats fassent acte de candidature sur la liste des si\u00e8ges correspondante. Ainsi pour parvenir \u00e0 un r\u00e9sultat \u00e9galitaire, il faut faire de la s\u00e9gr\u00e9gation dans les candidatures!! l&rsquo;autre solution est de modifier la loi \u00e9lectorale et de dire qu&rsquo;en fonction du nombre de si\u00e8ges les X premi\u00e8res femmes et X premiers hommes seront \u00e9lus, quel que soit le nombre de voix que chacun obtient . C&rsquo;est le principe des concours!! Ainsi un(e) candidat(e) pourra \u00eatre \u00e9lu(e) avec 300 voix quand un autre sera battu avec 500 voix!!!! Ce ne sera pas ni la comp\u00e9tence qui pr\u00e9dominera, ni l&rsquo;estime des confr\u00e8res mais le genre!!!<\/p>\n\n\n\n<p>Comme quoi l&rsquo;enfer est pav\u00e9 de bonnes intentions&#8230;.!!!! alors que, sans texte ,la profession \u00e9tait arriv\u00e9e quasiment au r\u00e9sultat recherch\u00e9!!!!<\/p>\n\n\n\n<p>Bonne journ\u00e9e de la Femme , vous dis-je<\/p>\n\n\n\n<p>Je cherche la date de la journ\u00e9e de l&rsquo;homme. Si quelqu&rsquo;un la conna\u00eet&#8230;<\/p>\n\n\n\n<p><em>Catherine Gazz\u00e9ri<\/em><\/p>\n","protected":false},"excerpt":{"rendered":"<p>Tours le 8 mars 2015, Sur les ondes, on entend que cela : c&rsquo;est le J ou plut\u00f4t c&rsquo;est le jour F, celui de la journ\u00e9e de la femme. Comme toutes celles qui n&rsquo;ont pas<a class=\"moretag\" href=\"https:\/\/abf-avocats.fr\/index.php\/2023\/10\/26\/sur-les-ondes-on-entend-que-cela-cest-le-jour-j-ou-plutot-cest-le-jour-f-celui-de-la-journee-de-la-femme\/\"> Read more&hellip;<\/a><\/p>\n","protected":false},"author":4,"featured_media":0,"comment_status":"open","ping_status":"open","sticky":false,"template":"","format":"standard","meta":{"_monsterinsights_skip_tracking":false,"_monsterinsights_sitenote_active":false,"_monsterinsights_sitenote_note":"","_monsterinsights_sitenote_category":0,"footnotes":""},"categories":[4],"tags":[],"class_list":["post-101","post","type-post","status-publish","format-standard","hentry","category-informations"],"_links":{"self":[{"href":"https:\/\/abf-avocats.fr\/index.php\/wp-json\/wp\/v2\/posts\/101","targetHints":{"allow":["GET"]}}],"collection":[{"href":"https:\/\/abf-avocats.fr\/index.php\/wp-json\/wp\/v2\/posts"}],"about":[{"href":"https:\/\/abf-avocats.fr\/index.php\/wp-json\/wp\/v2\/types\/post"}],"author":[{"embeddable":true,"href":"https:\/\/abf-avocats.fr\/index.php\/wp-json\/wp\/v2\/users\/4"}],"replies":[{"embeddable":true,"href":"https:\/\/abf-avocats.fr\/index.php\/wp-json\/wp\/v2\/comments?post=101"}],"version-history":[{"count":1,"href":"https:\/\/abf-avocats.fr\/index.php\/wp-json\/wp\/v2\/posts\/101\/revisions"}],"predecessor-version":[{"id":102,"href":"https:\/\/abf-avocats.fr\/index.php\/wp-json\/wp\/v2\/posts\/101\/revisions\/102"}],"wp:attachment":[{"href":"https:\/\/abf-avocats.fr\/index.php\/wp-json\/wp\/v2\/media?parent=101"}],"wp:term":[{"taxonomy":"category","embeddable":true,"href":"https:\/\/abf-avocats.fr\/index.php\/wp-json\/wp\/v2\/categories?post=101"},{"taxonomy":"post_tag","embeddable":true,"href":"https:\/\/abf-avocats.fr\/index.php\/wp-json\/wp\/v2\/tags?post=101"}],"curies":[{"name":"wp","href":"https:\/\/api.w.org\/{rel}","templated":true}]}}