{"id":105,"date":"2023-10-26T08:30:14","date_gmt":"2023-10-26T06:30:14","guid":{"rendered":"https:\/\/abf-avocats.fr\/?p=105"},"modified":"2023-10-26T08:30:15","modified_gmt":"2023-10-26T06:30:15","slug":"cnb-du-respect-des-regles-des-equilibres-et-des-avocats","status":"publish","type":"post","link":"https:\/\/abf-avocats.fr\/index.php\/2023\/10\/26\/cnb-du-respect-des-regles-des-equilibres-et-des-avocats\/","title":{"rendered":"CNB &#8211; Du respect des r\u00e8gles, des \u00e9quilibres, et des avocats!"},"content":{"rendered":"\n<p>La composition du Conseil national des barreaux est connue de tous : 82 membres :<\/p>\n\n\n\n<ul class=\"wp-block-list\">\n<li>32 \u00e9lus du Barreau de Paris (16 ordinaux et 16 issus de de la repr\u00e9sentation syndicale ou associative),<\/li>\n\n\n\n<li>48 \u00e9lus de province (24 ordinaux et 24 issus de la repr\u00e9sentation syndicale ou associative),<\/li>\n\n\n\n<li>le Pr\u00e9sident de la Conf\u00e9rence des B\u00e2tonniers et le B\u00e2tonnier de Paris.<\/li>\n<\/ul>\n\n\n\n<p>Il n&rsquo;\u00e9chappera donc \u00e0 personne que la repr\u00e9sentation au sein du Conseil est multiforme, \u00e9galitairement ordinale et syndicale ou associative.<\/p>\n\n\n\n<p>Cette simple lecture permet de constater :<\/p>\n\n\n\n<ul class=\"wp-block-list\">\n<li>que la moiti\u00e9 des membres du Conseil est issue de l&rsquo;ordinalit\u00e9 et il est donc vain de lire ou d&rsquo;entendre \u00e7\u00e0 et l\u00e0 que le Conseil est \u00e9tranger \u00e0 celle-ci comme il est tout aussi vain, pour se rassurer, de tenter de soutenir que les avocats de France ne se reconnaissent pas dans leurs Ordres ;<\/li>\n\n\n\n<li>que l&rsquo;autre moiti\u00e9 des membres du Conseil repr\u00e9sente une autre approche de la Profession.<\/li>\n<\/ul>\n\n\n\n<p>C&rsquo;est cette confrontation qui permet au Conseil national des barreaux d&rsquo;\u00eatre la traduction de la repr\u00e9sentation de l&rsquo;ensemble des avocats.<\/p>\n\n\n\n<p>Le Conseil national des barreaux prend les d\u00e9cisions engageant l&rsquo;institution en assembl\u00e9e g\u00e9n\u00e9rale et le bureau applique ces d\u00e9cisions ; si, en cas d\u2019urgence, le bureau peut \u00eatre amen\u00e9 \u00e0 prendre des initiatives, celles-ci doivent \u00eatre valid\u00e9es par l&rsquo;assembl\u00e9e g\u00e9n\u00e9rale souveraine.<\/p>\n\n\n\n<p>En amont, les membres du Conseil national des barreaux, r\u00e9partis en commissions, effectuent le travail pr\u00e9paratoire aux assembl\u00e9es g\u00e9n\u00e9rales.<strong>POURQUOI CES RAPPELS D&rsquo;EVIDENCES ?<\/strong><\/p>\n\n\n\n<p>Il avait \u00e9t\u00e9 inutile de le faire auparavant, tant les membres de l\u2019assembl\u00e9e g\u00e9n\u00e9rale et les bureaux successifs s&rsquo;\u00e9taient attach\u00e9s \u00e0 un fonctionnement respectueux de la place et des pouvoirs de chacun.<\/p>\n\n\n\n<p>Sous la pr\u00e9c\u00e9dente mandature, l&rsquo;absence de respect des composantes, le d\u00e9voiement du fonctionnement&nbsp; de notre institution nationale, son accaparement au profit de quelques-uns&nbsp; a creus\u00e9 un foss\u00e9 entre le CNB et les avocats et a m\u00eame entra\u00een\u00e9 la d\u00e9mission du pr\u00e9sident \u00e9lu.<\/p>\n\n\n\n<p>Il aurait \u00e9t\u00e9 opportun de tirer les enseignements d&rsquo;une mandature qui a enregistr\u00e9 le recul de la l\u00e9gitimit\u00e9 du CNB.<\/p>\n\n\n\n<p>Mais, aujourd&rsquo;hui, les prises de position diff\u00e9rentes ou en opposition avec les d\u00e9cisions vot\u00e9es en assembl\u00e9es g\u00e9n\u00e9rales ravivent les tensions et am\u00e8nent \u00e0 une d\u00e9fiance pr\u00e9judiciable \u00e0 tous.<\/p>\n\n\n\n<p><strong>Le m\u00e9pris affich\u00e9 des avocats et des Ordres est insupportable.<\/strong>&nbsp;<strong>Non !<\/strong><\/p>\n\n\n\n<ul class=\"wp-block-list\">\n<li>les avocats de base que nous sommes tous n&rsquo;ont pas que des analyses pass\u00e9istes ;<\/li>\n\n\n\n<li>le fait de ne pas accepter les propositions d&rsquo;une minorit\u00e9 ne signifie pas \u00eatre en total recul et refuser d&rsquo;investir des champs diversifi\u00e9s d&rsquo;activit\u00e9 ;<\/li>\n\n\n\n<li>le fait d&rsquo;\u00eatre attach\u00e9 aux valeurs de notre profession n&rsquo;est pas incompatible avec la modernit\u00e9 et l&rsquo;\u00e9volution.<\/li>\n<\/ul>\n\n\n\n<p><strong>Il est grand temps de revenir aux r\u00e8gles fondamentales<\/strong>&nbsp;et de permettre aux \u00e9lus de bonne volont\u00e9 que nous sommes, en conformit\u00e9 avec nos mandats, exer\u00e7ant r\u00e9ellement, de travailler au service de leurs confr\u00e8res et non contre eux !<\/p>\n\n\n\n<p><strong>Il est grand temps que la d\u00e9mocratie soit respect\u00e9e<\/strong>&nbsp;dans notre institution nationale et que chaque membre du Conseil national des barreaux accepte un \u00e9change constructif et enrichissant avec les Ordres et les avocats !<\/p>\n\n\n\n<p><strong>Il est grand temps que chaque membre du Conseil national des barreaux se souvienne<\/strong>&nbsp;que quelle que soit sa fonction, il ne repr\u00e9sente qu&rsquo;1\/82\u00e8me de l&rsquo;institution, pas moins mais pas plus !<\/p>\n\n\n\n<p>C&rsquo;est \u00e0 ce prix que nous pourrons recr\u00e9er un lien confiant avec chaque membre de notre profession.<\/p>\n\n\n\n<p>C&rsquo;est en tout cas dans cet esprit que&nbsp;<strong>les \u00e9lus de l&rsquo;ABF agiront<\/strong>.<\/p>\n\n\n\n<p><em>J\u00e9r\u00f4me GAVAUDAN<\/em><\/p>\n\n\n\n<p><em>Catherine GAZZERI-RIVET<\/em><\/p>\n\n\n\n<p><em>Anne-Sophie WILLM<\/em><\/p>\n\n\n\n<p><em>Bruno ZILLIG<\/em><\/p>\n","protected":false},"excerpt":{"rendered":"<p>La composition du Conseil national des barreaux est connue de tous : 82 membres : Il n&rsquo;\u00e9chappera donc \u00e0 personne que la repr\u00e9sentation au sein du Conseil est multiforme, \u00e9galitairement ordinale et syndicale ou associative.<a class=\"moretag\" href=\"https:\/\/abf-avocats.fr\/index.php\/2023\/10\/26\/cnb-du-respect-des-regles-des-equilibres-et-des-avocats\/\"> Read more&hellip;<\/a><\/p>\n","protected":false},"author":4,"featured_media":0,"comment_status":"open","ping_status":"open","sticky":false,"template":"","format":"standard","meta":{"_monsterinsights_skip_tracking":false,"_monsterinsights_sitenote_active":false,"_monsterinsights_sitenote_note":"","_monsterinsights_sitenote_category":0,"footnotes":""},"categories":[5],"tags":[],"class_list":["post-105","post","type-post","status-publish","format-standard","hentry","category-communique"],"_links":{"self":[{"href":"https:\/\/abf-avocats.fr\/index.php\/wp-json\/wp\/v2\/posts\/105","targetHints":{"allow":["GET"]}}],"collection":[{"href":"https:\/\/abf-avocats.fr\/index.php\/wp-json\/wp\/v2\/posts"}],"about":[{"href":"https:\/\/abf-avocats.fr\/index.php\/wp-json\/wp\/v2\/types\/post"}],"author":[{"embeddable":true,"href":"https:\/\/abf-avocats.fr\/index.php\/wp-json\/wp\/v2\/users\/4"}],"replies":[{"embeddable":true,"href":"https:\/\/abf-avocats.fr\/index.php\/wp-json\/wp\/v2\/comments?post=105"}],"version-history":[{"count":1,"href":"https:\/\/abf-avocats.fr\/index.php\/wp-json\/wp\/v2\/posts\/105\/revisions"}],"predecessor-version":[{"id":106,"href":"https:\/\/abf-avocats.fr\/index.php\/wp-json\/wp\/v2\/posts\/105\/revisions\/106"}],"wp:attachment":[{"href":"https:\/\/abf-avocats.fr\/index.php\/wp-json\/wp\/v2\/media?parent=105"}],"wp:term":[{"taxonomy":"category","embeddable":true,"href":"https:\/\/abf-avocats.fr\/index.php\/wp-json\/wp\/v2\/categories?post=105"},{"taxonomy":"post_tag","embeddable":true,"href":"https:\/\/abf-avocats.fr\/index.php\/wp-json\/wp\/v2\/tags?post=105"}],"curies":[{"name":"wp","href":"https:\/\/api.w.org\/{rel}","templated":true}]}}