{"id":115,"date":"2023-10-26T09:09:49","date_gmt":"2023-10-26T07:09:49","guid":{"rendered":"https:\/\/abf-avocats.fr\/?p=115"},"modified":"2023-10-26T09:09:50","modified_gmt":"2023-10-26T07:09:50","slug":"contribution-de-labf-sur-lavocat-en-entreprise","status":"publish","type":"post","link":"https:\/\/abf-avocats.fr\/index.php\/2023\/10\/26\/contribution-de-labf-sur-lavocat-en-entreprise\/","title":{"rendered":"Contribution de l&rsquo;ABF sur l&rsquo;avocat en entreprise."},"content":{"rendered":"\n<p><strong>La ritournelle ent\u00eatante de l&rsquo;avocat en entreprise et&nbsp; de l&rsquo;avocat et l&rsquo;entreprise.<\/strong><\/p>\n\n\n\n<p>La question sensible de la place de l&rsquo;avocat en entreprise est r\u00e9guli\u00e8rement \u00e9voqu\u00e9e et secoue la profession. Cette r\u00e9currence finit par \u00e9chauffer les esprits et accro\u00eetre un clivage qui existait dans la profession.<\/p>\n\n\n\n<p>L&rsquo;ABF a, depuis que la question du statut de l&rsquo;avocat en entreprise est examin\u00e9e et vot\u00e9e, soutenu une position constante : ni int\u00e9gration des juristes d&rsquo;entreprise dans la profession ni cr\u00e9ation d&rsquo;un statut d&rsquo;avocat salari\u00e9, ces inventions contraires au statut de l&rsquo;avocat lib\u00e9ral, ind\u00e9pendant, astreint \u00e0 un secret professionnel exigeant, \u00e0 une gestion du conflit d&rsquo;int\u00e9r\u00eats sous l&rsquo;\u00e9gide de l&rsquo;ordre et du b\u00e2tonnier (d\u00e9ontologie et discipline), cotisant aux caisses de la profession.<\/p>\n\n\n\n<p>Cette position n&rsquo;a pas vari\u00e9 au fil du temps car ce sont ces valeurs auxquelles l&rsquo;ABF est attach\u00e9 qui font la force de la profession d&rsquo;avocat et son ADN.<\/p>\n\n\n\n<p>Les tenants de la position contraire indiquent que nous ne connaissons pas l&rsquo;entreprise, que nous ne r\u00e9pondons ni \u00e0 ses besoins ni aux revendications des juristes des grandes entreprises qui auraient besoin d&rsquo;un secret professionnel pour les n\u00e9gociations internationales.<\/p>\n\n\n\n<p>\u00c0 ces affirmations p\u00e9remptoires, l\u2019ABF r\u00e9pond que nos confr\u00e8res sont au quotidien aupr\u00e8s de leurs clients entrepreneurs et qu&rsquo;il est donc faux de pr\u00e9tendre que les avocats ont une m\u00e9connaissance de leur client\u00e8le professionnelle.<\/p>\n\n\n\n<p>Soutenir une telle th\u00e8se est d\u00e9valorisante pour ceux de nos confr\u00e8res dont l&rsquo;activit\u00e9 est celle-ci.<\/p>\n\n\n\n<p>Si la profession d&rsquo;avocat peut toujours envisager d&rsquo;am\u00e9liorer l&rsquo;accompagnement de ses clients en \u00e9tant encore plus proche d&rsquo;eux, elle n&rsquo;a pas vocation \u00e0 \u00eatre la b\u00e9quille d&rsquo;autres professions qui viendraient faire leur march\u00e9 chez les avocats. Accepter une telle solution n&rsquo;est pas d\u00e9fendre la profession d&rsquo;avocat.<\/p>\n\n\n\n<p>Ce n&rsquo;est pas non plus d\u00e9fendre celle-ci que d&rsquo;accepter un avocat d\u00e9pendant, en lien de subordination \u00e0 son employeur , ne d\u00e9pendant du b\u00e2tonnier que pour l&rsquo;interroger, dans le cadre d&rsquo;une question pr\u00e9judicielle sur la d\u00e9ontologie en cas de conflit avec son employeur, qui ne cotiserait a aucune caisse , et somme toute ne s&rsquo;int\u00e9resserait \u00e0 l&rsquo;ordre que pour le cas \u00e9ch\u00e9ant le vampiriser.<\/p>\n\n\n\n<p>Une telle solution n&rsquo;est pas acceptable. C&rsquo;est en tout cas ce que soutient l&rsquo;ABF, syndicat ind\u00e9pendant, hors de de toute pression et n&rsquo;\u00e9tant pas soumis aux diktats de cercles ou d&rsquo;associations. 2<\/p>\n\n\n\n<p>Il n&rsquo;est pas le seul \u00e0 avoir cette vision de la profession d&rsquo;avocat. Elle est partag\u00e9e par une majorit\u00e9 de confr\u00e8res. C&rsquo;est d&rsquo;ailleurs ce qui a conduit le conseil national des barreaux, de fa\u00e7on r\u00e9it\u00e9r\u00e9e, \u00e0 s&rsquo;opposer \u00e0 la cr\u00e9ation de l&rsquo;un ou l&rsquo;autre de ces statuts.<\/p>\n\n\n\n<p>Devant cette situation, les juristes d&rsquo;entreprise ont alors entam\u00e9 un lobbying pour revendiquer non pas un legal privilege mais l&rsquo;attribution de tout ce qu&rsquo;il venait rechercher chez nous: notre secret!!!. Il est permis de s&rsquo;interroger d&rsquo;ailleurs sur les motivations sous-jacentes de cette demande et les buts poursuivis. Ne serait-ce pas pour de mauvaises raisons ? En tout cas, notre secret en serait d\u00e9valoris\u00e9<\/p>\n\n\n\n<p>Cette revendication a contraint que le CNB \u00e0 se saisir de la question qui agitait les pouvoirs publics et un groupe de travail a \u00e9t\u00e9 cr\u00e9\u00e9 compos\u00e9 des membres du CNB auquel les \u00e9lus ABF ont assid\u00fbment particip\u00e9 pour examiner cette question.<\/p>\n\n\n\n<p>Cet examen a abouti un rapport et \u00e0 un vote n\u00e9gatif de l&rsquo;assembl\u00e9e g\u00e9n\u00e9rale du CNB , estimant que l\u2019octroi d\u2019un legal privilege aurait pour cons\u00e9quence ,\u00e0 terme , de la cr\u00e9ation d&rsquo;une nouvelle profession r\u00e9glement\u00e9e affaiblissant la profession d\u2019avocat.<\/p>\n\n\n\n<p>On aurait pu croire le d\u00e9bat enfin d\u00e9finitivement clos mais les pouvoirs publics ont envisag\u00e9, sous l&rsquo;instigation d&rsquo;associations de juristes et m\u00eame d&rsquo;avocats, de revenir \u00e0 la charge.<\/p>\n\n\n\n<p>C&rsquo;est dans ces conditions qu&rsquo;il a \u00e9t\u00e9 demand\u00e9 au groupe de travail de r\u00e9fl\u00e9chir sur une probl\u00e9matique diff\u00e9rente : non pas la cr\u00e9ation un nouveau statut d&rsquo;avocat, mais d\u2019amplifier la pr\u00e9sence de le l\u2019avocat aupr\u00e8s de son client entrepreneur par un nouveau mode d&rsquo;exercice En parall\u00e8le, une \u00e9tude \u00e9tait men\u00e9e par l&rsquo;observatoire de la profession d&rsquo;avocat pour mieux appr\u00e9hender la perception que les chefs d&rsquo;entreprise avaient de leurs conseils.<\/p>\n\n\n\n<p>Cette enqu\u00eate a permis de constater que si les avocats \u00e9taient reconnus comme des professionnels comp\u00e9tents et avis\u00e9s, leur faiblesse (tout relative quand on lit l&rsquo;\u00e9tude) \u00e9tait dans la connaissance des besoins l&rsquo;entreprise, de la proximit\u00e9 avec elle et de la pr\u00e9visibilit\u00e9 de son co\u00fbt.<\/p>\n\n\n\n<p>Le groupe de travail, sur mandat de l&rsquo;A G, a donc \u00e9tudi\u00e9 la possibilit\u00e9 d&rsquo;un nouveau mode d&rsquo;exercice dans l&rsquo;entreprise.<\/p>\n\n\n\n<p>C&rsquo;est dans ces conditions que le rapport \u00e9labor\u00e9 envisage la possibilit\u00e9 d&rsquo;exercer en cabinet principal au sein d&rsquo;une entreprise, ce qui n\u00e9cessite une modification du RIN<\/p>\n\n\n\n<p>Dans un premier temps, le groupe de travail a relev\u00e9 que le risque de requalification de ce mode d&rsquo;exercice en contrat de travail \u00e9tait tr\u00e8s faible au regard des diff\u00e9rentes .jurisprudences et textes.<\/p>\n\n\n\n<p>L&rsquo;AG du CNB ayant \u00e9galement donn\u00e9 pour mission au groupe de travail de ne pas exclure les opinions dissidentes, deux rapports ont \u00e9t\u00e9 \u00e9tablis:<\/p>\n\n\n\n<p>&#8211; Le premier destin\u00e9 \u00e0 \u00eatre soumis \u00e0 la concertation concerne les modifications de l&rsquo;article 15 du RIN permettant d&rsquo;avoir un cabinet unique au sein d&rsquo;une entreprise.<\/p>\n\n\n\n<p>&#8211; Le second contient diff\u00e9rentes questions qui ont fait l&rsquo;objet d&rsquo;un vote n\u00e9gatif de l&rsquo;AG \u00e0 l&rsquo;exception du d\u00e9tachement en entreprise qui devrait faire l&rsquo;objet d&rsquo;une r\u00e8glementation plus pr\u00e9cise.<\/p>\n\n\n\n<p>En cet \u00e9tat, devons- nous accepter de modifier l&rsquo;article 15 et autoriser l&rsquo;ouverture d&rsquo;un cabinet principal dans les locaux d&rsquo;une entreprise ? 3<\/p>\n\n\n\n<p>Cela suppose d&rsquo;avoir r\u00e9pondu \u00e0 un certain nombre de questions pr\u00e9alables:<\/p>\n\n\n\n<p>Quelle est la d\u00e9finition de la notion d&rsquo;entreprise?<\/p>\n\n\n\n<p>Celle-ci en r\u00e9alit\u00e9 n&rsquo;existe pas et est tr\u00e8s fluctuante au travers des textes ou des \u00e9tudes : public &#8211; priv\u00e9 ; commercial civil, social&#8230; et d&rsquo;ailleurs le rapport soumis au vote ne donne aucune d\u00e9finition pr\u00e9cise de l&rsquo;entreprise dans laquelle le cabinet d&rsquo;avocat serait h\u00e9berg\u00e9 (associations, associations de consommateurs, collectivit\u00e9 publique, groupement, soci\u00e9t\u00e9 commerciale ou artisanale&#8230;..) Cette lacune constitue un \u00e9cueil pour l&rsquo;adoption du rapport.<\/p>\n\n\n\n<p>L&rsquo;entreprise qui accueille le cabinet doit-elle \u00eatre forc\u00e9ment un client du cabinet?<\/p>\n\n\n\n<p>On peut le penser mais rien ne vient l&rsquo;indiquer ; ce pourrait \u00eatre un apporteur d&rsquo;affaires, un utilisateur des services de l&rsquo;avocat via diff\u00e9rentes conventions annex\u00e9es \u00e0 celle de domiciliation.<\/p>\n\n\n\n<p>La r\u00e9ponse \u00e0 ces questions aura n\u00e9cessairement une influence sur l&rsquo;ind\u00e9pendance de l&rsquo;avocat, sur les modes d&rsquo;exercice, sur le maillage g\u00e9ographique.<\/p>\n\n\n\n<p>L&rsquo;impr\u00e9cision du rapport, sur ce point, constitue un obstacle suppl\u00e9mentaire \u00e0 son adoption de m\u00eame le fait que ne soient pas abord\u00e9es, de fa\u00e7on claire, les conditions juridiques de l&rsquo;h\u00e9bergement et les dispositions prises pour que le secret professionnel soit respect\u00e9 ou les cons\u00e9quences de la rupture des relations avocat\/client.<\/p>\n\n\n\n<p>A supposer lev\u00e9s ces \u00e9cueils, il faut alors envisager la difficult\u00e9 li\u00e9e \u00e0 la r\u00e9ception d&rsquo;une client\u00e8le diversifi\u00e9e dans les locaux de l&rsquo;entreprise, des modalit\u00e9s de la n\u00e9cessaire gestion n\u00e9cessaire des conflit d&rsquo;int\u00e9r\u00eat et les modalit\u00e9s de contr\u00f4le des Ordres qui, en l&rsquo;\u00e9tat appara\u00eet bien difficile et al\u00e9atoire. Sur ces points, le rapport est muet ou peu explicite.<\/p>\n\n\n\n<p>Faute d&rsquo;avoir envisag\u00e9 ces questions, la cr\u00e9ation d&rsquo;un cabinet d&rsquo;avocat dans de telles conditions est-elle r\u00e9ellement source de s\u00e9curit\u00e9 pour les confr\u00e8res intervenant dans ce contexte? Rien n&rsquo;est certain loin s&rsquo;en faut.<\/p>\n\n\n\n<p>Le rapport pr\u00e9cise que ce mode d&rsquo;exercice sera source d&rsquo;une activit\u00e9 accrue pour les avocats sans pour autant que soit mesur\u00e9e la proportion entre les risques encourus et le b\u00e9n\u00e9fice escompt\u00e9 non quantifi\u00e9.<\/p>\n\n\n\n<p><strong>Dans ces conditions, les \u00e9lus ABF du Conseil National des Barreaux ne voteront pas favorablement \u00e0 la modification de l&rsquo;article 15 du RIN autorisant l&rsquo;ouverture d&rsquo;un cabinet principal dans les locaux d&rsquo;une entreprise.<\/strong><\/p>\n\n\n\n<p>L&rsquo;ouverture d&rsquo;un cabinet secondaire en entreprise est-elle possible?<\/p>\n\n\n\n<p>Une partie des interrogations ci- dessus exprim\u00e9es s&rsquo;applique \u00e0 l&rsquo;ouverture d&rsquo;un cabinet secondaire m\u00eame si l&rsquo;on con\u00e7oit bien que la situation de l&rsquo;avocat qui exerce dans ces conditions sera moins fragilis\u00e9e que dans l&rsquo;hypoth\u00e8se pr\u00e9c\u00e9dente et que la d\u00e9pendance \u00e9conomique sera moins pr\u00e9gnante.<\/p>\n\n\n\n<p><strong>En l&rsquo;\u00e9tat des interrogations qui subsistent<\/strong>,&nbsp;<strong>les \u00e9lus de l\u2019ABF pensent qu\u2019il n\u2019est pas opportun d&rsquo;envisager ce subsidiaire.<\/strong>&nbsp;4<\/p>\n\n\n\n<p>Reste la derni\u00e8re solution qui permet un exercice en entreprise dans des conditions s\u00fbrement proches du cabinet secondaire mais plus faciles \u00e0 contr\u00f4ler et aboutissant aux m\u00eames buts que ceux recherch\u00e9s \u00e0 savoir une pr\u00e9sence physique plus r\u00e9guli\u00e8re dans l&rsquo;entreprise : le d\u00e9tachement.<\/p>\n\n\n\n<p>Celui-ci se pratique d\u00e9j\u00e0 de fa\u00e7on empirique et il faut entendre le souhait des Ordres d&rsquo;un encadrement qui permettra de concilier le besoin de certains clients de la pr\u00e9sence d&rsquo;un avocat \u00e0 leurs c\u00f4t\u00e9s et le respect des r\u00e8gles et valeurs auxquelles l&rsquo;avocat est soumis.<\/p>\n\n\n\n<p><strong>C&rsquo;est cette voie que les \u00e9lus de l&rsquo;ABF privil\u00e9gieront.<\/strong><\/p>\n\n\n\n<p><em>Catherine GAZZERI &#8211; 1\u00e8re Vice-pr\u00e9sidente de l&rsquo;ABF<\/em><\/p>\n","protected":false},"excerpt":{"rendered":"<p>La ritournelle ent\u00eatante de l&rsquo;avocat en entreprise et&nbsp; de l&rsquo;avocat et l&rsquo;entreprise. La question sensible de la place de l&rsquo;avocat en entreprise est r\u00e9guli\u00e8rement \u00e9voqu\u00e9e et secoue la profession. Cette r\u00e9currence finit par \u00e9chauffer les<a class=\"moretag\" href=\"https:\/\/abf-avocats.fr\/index.php\/2023\/10\/26\/contribution-de-labf-sur-lavocat-en-entreprise\/\"> Read more&hellip;<\/a><\/p>\n","protected":false},"author":4,"featured_media":0,"comment_status":"open","ping_status":"open","sticky":false,"template":"","format":"standard","meta":{"_monsterinsights_skip_tracking":false,"_monsterinsights_sitenote_active":false,"_monsterinsights_sitenote_note":"","_monsterinsights_sitenote_category":0,"footnotes":""},"categories":[4],"tags":[],"class_list":["post-115","post","type-post","status-publish","format-standard","hentry","category-informations"],"_links":{"self":[{"href":"https:\/\/abf-avocats.fr\/index.php\/wp-json\/wp\/v2\/posts\/115","targetHints":{"allow":["GET"]}}],"collection":[{"href":"https:\/\/abf-avocats.fr\/index.php\/wp-json\/wp\/v2\/posts"}],"about":[{"href":"https:\/\/abf-avocats.fr\/index.php\/wp-json\/wp\/v2\/types\/post"}],"author":[{"embeddable":true,"href":"https:\/\/abf-avocats.fr\/index.php\/wp-json\/wp\/v2\/users\/4"}],"replies":[{"embeddable":true,"href":"https:\/\/abf-avocats.fr\/index.php\/wp-json\/wp\/v2\/comments?post=115"}],"version-history":[{"count":1,"href":"https:\/\/abf-avocats.fr\/index.php\/wp-json\/wp\/v2\/posts\/115\/revisions"}],"predecessor-version":[{"id":116,"href":"https:\/\/abf-avocats.fr\/index.php\/wp-json\/wp\/v2\/posts\/115\/revisions\/116"}],"wp:attachment":[{"href":"https:\/\/abf-avocats.fr\/index.php\/wp-json\/wp\/v2\/media?parent=115"}],"wp:term":[{"taxonomy":"category","embeddable":true,"href":"https:\/\/abf-avocats.fr\/index.php\/wp-json\/wp\/v2\/categories?post=115"},{"taxonomy":"post_tag","embeddable":true,"href":"https:\/\/abf-avocats.fr\/index.php\/wp-json\/wp\/v2\/tags?post=115"}],"curies":[{"name":"wp","href":"https:\/\/api.w.org\/{rel}","templated":true}]}}